{"id":929,"date":"2023-09-12T11:34:19","date_gmt":"2023-09-12T11:34:19","guid":{"rendered":"https:\/\/antoninasofia.com\/?p=929"},"modified":"2023-10-14T12:03:20","modified_gmt":"2023-10-14T12:03:20","slug":"international-contemporary-art-fair-the-autumn-edition","status":"publish","type":"post","link":"https:\/\/antoninasofia.com\/ro\/2023\/09\/12\/international-contemporary-art-fair-the-autumn-edition\/","title":{"rendered":"T\u00e2rgul Interna\u021bional de Art\u0103 Contemporan\u0103, Edi\u021bia de toamn\u0103"},"content":{"rendered":"<section class=\"wpb-content-wrapper\"><div class=\"vc_row wpb_row vc_row-fluid vc_column-gap-20\"><div class=\"inaltime-fixa wpb_column vc_column_container vc_col-sm-4\"><div class=\"vc_column-inner\"><div class=\"wpb_wrapper\"><div class=\"wpb_gallery wpb_content_element vc_clearfix\" ><div class=\"wpb_wrapper\"><div class=\"wpb_gallery_slides wpb_flexslider flexslider_fade flexslider\" data-interval=\"3\" data-flex_fx=\"fade\"><ul class=\"slides\"><li><a class=\"\" href=\"https:\/\/antoninasofia.com\/wp-content\/uploads\/2023\/09\/art3f-eng.jpg\" data-lightbox=\"lightbox[rel-929-3513884283]\"><img loading=\"lazy\" decoding=\"async\" width=\"964\" height=\"760\" src=\"https:\/\/antoninasofia.com\/wp-content\/uploads\/2023\/09\/art3f-eng.jpg\" class=\"attachment-full\" alt=\"\" title=\"art3f-eng\" srcset=\"https:\/\/antoninasofia.com\/wp-content\/uploads\/2023\/09\/art3f-eng.jpg 964w, https:\/\/antoninasofia.com\/wp-content\/uploads\/2023\/09\/art3f-eng-300x237.jpg 300w, https:\/\/antoninasofia.com\/wp-content\/uploads\/2023\/09\/art3f-eng-768x605.jpg 768w, https:\/\/antoninasofia.com\/wp-content\/uploads\/2023\/09\/art3f-eng-15x12.jpg 15w, https:\/\/antoninasofia.com\/wp-content\/uploads\/2023\/09\/art3f-eng-600x473.jpg 600w\" sizes=\"auto, (max-width: 964px) 100vw, 964px\" \/><\/a><\/li><li><a class=\"\" href=\"https:\/\/antoninasofia.com\/wp-content\/uploads\/2023\/09\/Expozitie-Paris-576x1024.png\" data-lightbox=\"lightbox[rel-929-3513884283]\"><img loading=\"lazy\" decoding=\"async\" width=\"1080\" height=\"1920\" src=\"https:\/\/antoninasofia.com\/wp-content\/uploads\/2023\/09\/Expozitie-Paris.png\" class=\"attachment-full\" alt=\"\" title=\"Expozitie - Paris\" srcset=\"https:\/\/antoninasofia.com\/wp-content\/uploads\/2023\/09\/Expozitie-Paris.png 1080w, https:\/\/antoninasofia.com\/wp-content\/uploads\/2023\/09\/Expozitie-Paris-169x300.png 169w, https:\/\/antoninasofia.com\/wp-content\/uploads\/2023\/09\/Expozitie-Paris-576x1024.png 576w, https:\/\/antoninasofia.com\/wp-content\/uploads\/2023\/09\/Expozitie-Paris-768x1365.png 768w, https:\/\/antoninasofia.com\/wp-content\/uploads\/2023\/09\/Expozitie-Paris-864x1536.png 864w, https:\/\/antoninasofia.com\/wp-content\/uploads\/2023\/09\/Expozitie-Paris-7x12.png 7w, https:\/\/antoninasofia.com\/wp-content\/uploads\/2023\/09\/Expozitie-Paris-600x1067.png 600w\" sizes=\"auto, (max-width: 1080px) 100vw, 1080px\" \/><\/a><\/li><\/ul><\/div><\/div><\/div><div class=\"vc_empty_space\"   style=\"height: 10px\"><span class=\"vc_empty_space_inner\"><\/span><\/div>\n\t<div class=\"wpb_text_column wpb_content_element\" >\n\t\t<div class=\"wpb_wrapper\">\n\t\t\t<p><strong>Art3F, Paris, Fran\u021ba<\/strong><\/p>\n\n\t\t<\/div>\n\t<\/div>\n<\/div><\/div><\/div><div class=\"wpb_column vc_column_container vc_col-sm-8\"><div class=\"vc_column-inner\"><div class=\"wpb_wrapper\">\n\t<div class=\"wpb_text_column wpb_content_element\" >\n\t\t<div class=\"wpb_wrapper\">\n\t\t\t<p><strong>T\u00e2rgul Interna\u021bional de Art\u0103 Contemporan\u0103, Paris, Fran\u021ba<\/strong><\/p>\n<p>22&gt;24 SEPTEMBRIE 2023 | Porte de Versailles<\/p>\n<p><strong>Art3f mut\u0103 liniile t\u00e2rgurilor tradi\u021bionale ale dealerilor de art\u0103 contemporan\u0103, conferind acestor evenimente culturale o latur\u0103 uman\u0103 \u0219i cald\u0103.<\/strong>\u00a0F\u0103r\u0103 coduri, f\u0103r\u0103 prejudec\u0103\u021bi \u0219i f\u0103r\u0103 inhibi\u021bii, Art3f este un mix inteligent \u00eentre arta preferat\u0103, arta accesibil\u0103 \u0219i cea mai frumoas\u0103 reprezentare artistic\u0103 a momentului.<\/p>\n<p>Cu o puternic\u0103 majoritate de arti\u0219ti selecta\u021bi de comitetul de selec\u021bie (galeriile vor fi, de asemenea, prezente),\u00a0<strong>pasiona\u021bii de art\u0103 \u0219i colec\u021bionarii vor putea s\u0103-i \u00eent\u00e2lneasc\u0103 live pe arti\u0219ti \u0219i s\u0103 \u00eemp\u0103rt\u0103\u0219easc\u0103 cu ei universurile lor unice<\/strong>\u00a0. O ocazie unic\u0103 de a descoperi noi talente \u0219i de a descoperi stelele de m\u00e2ine! Printre aceste numeroase talente (pictori, sculptori, fotografi...), Art3f descoper\u0103, t\u00e2n\u0103ra gard\u0103 contemporan\u0103 interna\u021bional\u0103, dar \u0219i arti\u0219ti consacra\u021bi \u0219i lucr\u0103ri de prestigiu. Ce emo\u021bii \u0219i ce \u00eemp\u0103rt\u0103\u0219ire urmeaz\u0103!\u00a0<strong>Because life goes on and optimism takes back its rights, because you have to be positive, drink, eat, have fun, marvel, art beeing an excellent remedy!<\/strong><\/p>\n\n\t\t<\/div>\n\t<\/div>\n<div class=\"vc_empty_space\"   style=\"height: 20px\"><span class=\"vc_empty_space_inner\"><\/span><\/div><div class=\"vc_btn3-container vc_btn3-inline\" ><a class=\"vc_general vc_btn3 vc_btn3-size-md vc_btn3-shape-rounded vc_btn3-style-modern vc_btn3-color-chino\" href=\"https:\/\/www.art3f.fr\/en\/paris-septembre\/\" title=\"\" target=\"_blank\">CITE\u015eTE MAI MULT<\/a><\/div><\/div><\/div><\/div><\/div><div class=\"vc_row wpb_row vc_row-fluid\"><div class=\"wpb_column vc_column_container vc_col-sm-12\"><div class=\"vc_column-inner\"><div class=\"wpb_wrapper\"><div class=\"vc_empty_space\"   style=\"height: 32px\"><span class=\"vc_empty_space_inner\"><\/span><\/div><\/div><\/div><\/div><\/div><div class=\"vc_row wpb_row vc_row-fluid\"><div class=\"wpb_column vc_column_container vc_col-sm-12\"><div class=\"vc_column-inner\"><div class=\"wpb_wrapper\">\n\t<div class=\"wpb_text_column wpb_content_element  smaller-txt\" >\n\t\t<div class=\"wpb_wrapper\">\n\t\t\t<p>&lt;&lt;&lt;\u00a0 Expozi\u021bia de la Art3F din Paris,  edi\u0163ia de toamn\u0103 22 \u2013 24 septembrie 2023, a fost nu doar o destina\u021bie de expunere pentru mine, ci \u0219i un moment de celebrare a c\u0103l\u0103toriei mele artistice \u015fi anivers\u0103rii celor 44 de ani\u2026 o \u00een\u015firuire de \u201cclipe\u201d cu un spectru vast de experien\u0163e personale, tr\u0103iri \u015fi sentimente. Universul mi-a d\u0103ruit ocazia s\u0103 simt o ad\u00e2nc\u0103 recuno\u0219tin\u021b\u0103 \u015fi binecuv\u00e2ntare \u00eentr-un loc \u00een care arta este \u00een centrul aten\u021biei, iar frumuse\u021bea str\u0103luce\u0219te \u00een fiecare col\u021b. A fost ca un dar \u00een calea mea spre DEVENIRE.<\/p>\n<p>Preg\u0103tirea \u00een sine a expozi\u0163iei mi-a oferit un cumul de emo\u021bii contradictorii. Stresul organiz\u0103rii c\u0103l\u0103toriei \u015fi expozi\u0163iei \u00een cele mai mici detalii \u0219i anticiparea expozi\u021biei \u00een sine m-au provocat profund. C\u0103l\u0103toria mea, spre \u015fi dinspre Paris, \u00eentr-un camper car de 3,5 tone, 7 m lungime, 3,2 m \u00een\u0103l\u0163ime, mi-a dezv\u0103luit laturi ale mele la care \u015fi acum privesc cu exuberan\u0163\u0103 \u015fi m\u00e2ndrie. O stare de armonie \u00eentr-un \u201cmic\u201d refugiu pe patru ro\u021bi, \u201cun mentor t\u0103cut\u201d care m-a \u00eenv\u0103\u021bat s\u0103 am \u00eencredere \u00een propria mea for\u021b\u0103 creatoare \u015fi mi-a oferit, pe l\u00e2ng\u0103 independen\u021b\u0103, conexiune la mine \u00eens\u0103mi \u015fi la natur\u0103, un spa\u0163iu \u00een care picturile, muzica \u015fi g\u00e2ndurile mele mi-au fost tovar\u0103\u0219ii fideli.<\/p>\n<p>Uneori este nevoie doar de o c\u0103l\u0103torie cu sufletul deschis pentru a descoperi resursele neb\u0103nuite de inspira\u021bie \u0219i putere care zac \u00een interiorul nostru. Astfel, Parisul a fost pentru mine nu doar un ora\u0219 fermec\u0103tor \u00een care mi-am expus lucr\u0103rile, ci \u0219i o metafor\u0103 puternic\u0103 a transform\u0103rii personale, o lec\u021bie esen\u021bial\u0103 despre a \nnu-mi sacrifica autenticitatea pentru a satisface a\u0219tept\u0103rile altora sau pentru a m\u0103 conforma unor tipare prestabilite. Parisul mi-a \u00eent\u0103rit ideea de a-mi exprima cu curaj propria viziune \u0219i de a-mi urma pasiunile \u00een deplin\u0103 armonie cu sinele meu autentic.<\/p>\n<p>Am expus cu inima plin\u0103 de recuno\u0219tin\u021b\u0103. Seria de tablouri pe care am sim\u0163it-o visceral \u015fi am numit-o \u201cDevenire\u201d, cu p\u00e2nze \u00een care m\u0103 reg\u0103sesc \u00een fiecare pensul\u0103 \u0219i fiecare nuan\u021b\u0103, este \u00eenceputul c\u0103l\u0103toriei mele artistice, serie ce aduce \u00een prim plan ecouri ale pasiunii sufletului meu ne\u00eembl\u00e2nzit.<\/p>\n<p>Sunt recunosc\u0103toare pentru fiecare experien\u021b\u0103 \u0219i pentru fiecare persoan\u0103 care mi-a fost al\u0103turi pe acest drum. Fie c\u0103 au fost un far de lumin\u0103 sau o lec\u021bie de via\u021b\u0103, to\u021bi au adus contribu\u021bii valoroase la ceea ce sunt ast\u0103zi.<\/p>\n<p>\u00centr-o lume bogat\u0103 \u00een culori \u015fi forme, unde sufletele se manifest\u0103 necontenit \u00een \u00eentuneric \u015fi lumin\u0103, \u00eemi doresc ca aceast\u0103 poveste s\u0103 inspire \u0219i alte suflete s\u0103-\u015fi descopere propriul lor poten\u0163ial, propria DEVENIRE \u0219i s\u0103-\u015fi exploreze puterea ad\u00e2nc \u00een interiorul lor. &gt;&gt;&gt;<\/p>\n<p style=\"text-align: right;\">ANTONINA SOFIA SOCIU<\/p>\n\n\t\t<\/div>\n\t<\/div>\n<div class=\"vc_empty_space\"   style=\"height: 64px\"><span class=\"vc_empty_space_inner\"><\/span><\/div><div class=\"vc_row wpb_row vc_inner vc_row-fluid\"><div class=\"wpb_column vc_column_container vc_col-sm-2\"><div class=\"vc_column-inner\"><div class=\"wpb_wrapper\"><\/div><\/div><\/div><div class=\"wpb_column vc_column_container vc_col-sm-8\"><div class=\"vc_column-inner\"><div class=\"wpb_wrapper\"><div class=\"wpb_gallery wpb_content_element vc_clearfix\" ><div class=\"wpb_wrapper\"><div class=\"wpb_gallery_slides wpb_flexslider flexslider_fade flexslider\" data-interval=\"3\" data-flex_fx=\"fade\"><ul class=\"slides\"><li><a class=\"\" href=\"https:\/\/antoninasofia.com\/wp-content\/uploads\/2023\/09\/Camper-1-1024x768.jpg\" data-lightbox=\"lightbox[rel-929-324114212]\"><img loading=\"lazy\" decoding=\"async\" width=\"2560\" height=\"1920\" src=\"https:\/\/antoninasofia.com\/wp-content\/uploads\/2023\/09\/Camper-1-scaled.jpg\" class=\"attachment-full\" alt=\"\" title=\"Camper\" srcset=\"https:\/\/antoninasofia.com\/wp-content\/uploads\/2023\/09\/Camper-1-scaled.jpg 2560w, https:\/\/antoninasofia.com\/wp-content\/uploads\/2023\/09\/Camper-1-300x225.jpg 300w, https:\/\/antoninasofia.com\/wp-content\/uploads\/2023\/09\/Camper-1-1024x768.jpg 1024w, https:\/\/antoninasofia.com\/wp-content\/uploads\/2023\/09\/Camper-1-768x576.jpg 768w, https:\/\/antoninasofia.com\/wp-content\/uploads\/2023\/09\/Camper-1-1536x1152.jpg 1536w, https:\/\/antoninasofia.com\/wp-content\/uploads\/2023\/09\/Camper-1-2048x1536.jpg 2048w, https:\/\/antoninasofia.com\/wp-content\/uploads\/2023\/09\/Camper-1-16x12.jpg 16w, https:\/\/antoninasofia.com\/wp-content\/uploads\/2023\/09\/Camper-1-600x450.jpg 600w\" sizes=\"auto, (max-width: 2560px) 100vw, 2560px\" \/><\/a><\/li><li><a class=\"\" href=\"https:\/\/antoninasofia.com\/wp-content\/uploads\/2023\/09\/Camper-2-768x1024.jpg\" data-lightbox=\"lightbox[rel-929-324114212]\"><img loading=\"lazy\" decoding=\"async\" width=\"1920\" height=\"2560\" src=\"https:\/\/antoninasofia.com\/wp-content\/uploads\/2023\/09\/Camper-2-scaled.jpg\" class=\"attachment-full\" alt=\"\" title=\"Camper (2)\" srcset=\"https:\/\/antoninasofia.com\/wp-content\/uploads\/2023\/09\/Camper-2-scaled.jpg 1920w, https:\/\/antoninasofia.com\/wp-content\/uploads\/2023\/09\/Camper-2-225x300.jpg 225w, https:\/\/antoninasofia.com\/wp-content\/uploads\/2023\/09\/Camper-2-768x1024.jpg 768w, https:\/\/antoninasofia.com\/wp-content\/uploads\/2023\/09\/Camper-2-1152x1536.jpg 1152w, https:\/\/antoninasofia.com\/wp-content\/uploads\/2023\/09\/Camper-2-1536x2048.jpg 1536w, https:\/\/antoninasofia.com\/wp-content\/uploads\/2023\/09\/Camper-2-9x12.jpg 9w, https:\/\/antoninasofia.com\/wp-content\/uploads\/2023\/09\/Camper-2-600x800.jpg 600w\" sizes=\"auto, (max-width: 1920px) 100vw, 1920px\" \/><\/a><\/li><li><a class=\"\" href=\"https:\/\/antoninasofia.com\/wp-content\/uploads\/2023\/09\/Paris-768x1024.jpg\" data-lightbox=\"lightbox[rel-929-324114212]\"><img loading=\"lazy\" decoding=\"async\" width=\"1920\" height=\"2560\" src=\"https:\/\/antoninasofia.com\/wp-content\/uploads\/2023\/09\/Paris-scaled.jpg\" class=\"attachment-full\" alt=\"\" title=\"Paris\" srcset=\"https:\/\/antoninasofia.com\/wp-content\/uploads\/2023\/09\/Paris-scaled.jpg 1920w, https:\/\/antoninasofia.com\/wp-content\/uploads\/2023\/09\/Paris-225x300.jpg 225w, https:\/\/antoninasofia.com\/wp-content\/uploads\/2023\/09\/Paris-768x1024.jpg 768w, https:\/\/antoninasofia.com\/wp-content\/uploads\/2023\/09\/Paris-1152x1536.jpg 1152w, https:\/\/antoninasofia.com\/wp-content\/uploads\/2023\/09\/Paris-1536x2048.jpg 1536w, https:\/\/antoninasofia.com\/wp-content\/uploads\/2023\/09\/Paris-9x12.jpg 9w, https:\/\/antoninasofia.com\/wp-content\/uploads\/2023\/09\/Paris-600x800.jpg 600w\" sizes=\"auto, (max-width: 1920px) 100vw, 1920px\" \/><\/a><\/li><li><a class=\"\" href=\"https:\/\/antoninasofia.com\/wp-content\/uploads\/2023\/09\/Paris-1-1024x1024.jpeg\" data-lightbox=\"lightbox[rel-929-324114212]\"><img loading=\"lazy\" decoding=\"async\" width=\"1440\" height=\"1440\" src=\"https:\/\/antoninasofia.com\/wp-content\/uploads\/2023\/09\/Paris-1.jpeg\" class=\"attachment-full\" alt=\"\" title=\"Paris (1)\" srcset=\"https:\/\/antoninasofia.com\/wp-content\/uploads\/2023\/09\/Paris-1.jpeg 1440w, https:\/\/antoninasofia.com\/wp-content\/uploads\/2023\/09\/Paris-1-300x300.jpeg 300w, https:\/\/antoninasofia.com\/wp-content\/uploads\/2023\/09\/Paris-1-1024x1024.jpeg 1024w, https:\/\/antoninasofia.com\/wp-content\/uploads\/2023\/09\/Paris-1-150x150.jpeg 150w, https:\/\/antoninasofia.com\/wp-content\/uploads\/2023\/09\/Paris-1-768x768.jpeg 768w, https:\/\/antoninasofia.com\/wp-content\/uploads\/2023\/09\/Paris-1-12x12.jpeg 12w, https:\/\/antoninasofia.com\/wp-content\/uploads\/2023\/09\/Paris-1-600x600.jpeg 600w, https:\/\/antoninasofia.com\/wp-content\/uploads\/2023\/09\/Paris-1-100x100.jpeg 100w\" sizes=\"auto, (max-width: 1440px) 100vw, 1440px\" \/><\/a><\/li><li><a class=\"\" href=\"https:\/\/antoninasofia.com\/wp-content\/uploads\/2023\/09\/Paris-4-1024x768.jpg\" data-lightbox=\"lightbox[rel-929-324114212]\"><img loading=\"lazy\" decoding=\"async\" width=\"2560\" height=\"1920\" src=\"https:\/\/antoninasofia.com\/wp-content\/uploads\/2023\/09\/Paris-4-scaled.jpg\" class=\"attachment-full\" alt=\"\" title=\"Paris (4)\" srcset=\"https:\/\/antoninasofia.com\/wp-content\/uploads\/2023\/09\/Paris-4-scaled.jpg 2560w, https:\/\/antoninasofia.com\/wp-content\/uploads\/2023\/09\/Paris-4-300x225.jpg 300w, https:\/\/antoninasofia.com\/wp-content\/uploads\/2023\/09\/Paris-4-1024x768.jpg 1024w, https:\/\/antoninasofia.com\/wp-content\/uploads\/2023\/09\/Paris-4-768x576.jpg 768w, https:\/\/antoninasofia.com\/wp-content\/uploads\/2023\/09\/Paris-4-1536x1152.jpg 1536w, https:\/\/antoninasofia.com\/wp-content\/uploads\/2023\/09\/Paris-4-2048x1536.jpg 2048w, https:\/\/antoninasofia.com\/wp-content\/uploads\/2023\/09\/Paris-4-16x12.jpg 16w, https:\/\/antoninasofia.com\/wp-content\/uploads\/2023\/09\/Paris-4-600x450.jpg 600w\" sizes=\"auto, (max-width: 2560px) 100vw, 2560px\" \/><\/a><\/li><li><a class=\"\" href=\"https:\/\/antoninasofia.com\/wp-content\/uploads\/2023\/09\/Paris-5-768x1024.jpg\" data-lightbox=\"lightbox[rel-929-324114212]\"><img loading=\"lazy\" decoding=\"async\" width=\"1920\" height=\"2560\" src=\"https:\/\/antoninasofia.com\/wp-content\/uploads\/2023\/09\/Paris-5-scaled.jpg\" class=\"attachment-full\" alt=\"\" title=\"Paris (5)\" srcset=\"https:\/\/antoninasofia.com\/wp-content\/uploads\/2023\/09\/Paris-5-scaled.jpg 1920w, https:\/\/antoninasofia.com\/wp-content\/uploads\/2023\/09\/Paris-5-225x300.jpg 225w, https:\/\/antoninasofia.com\/wp-content\/uploads\/2023\/09\/Paris-5-768x1024.jpg 768w, https:\/\/antoninasofia.com\/wp-content\/uploads\/2023\/09\/Paris-5-1152x1536.jpg 1152w, https:\/\/antoninasofia.com\/wp-content\/uploads\/2023\/09\/Paris-5-1536x2048.jpg 1536w, https:\/\/antoninasofia.com\/wp-content\/uploads\/2023\/09\/Paris-5-9x12.jpg 9w, https:\/\/antoninasofia.com\/wp-content\/uploads\/2023\/09\/Paris-5-600x800.jpg 600w\" sizes=\"auto, (max-width: 1920px) 100vw, 1920px\" \/><\/a><\/li><li><a class=\"\" href=\"https:\/\/antoninasofia.com\/wp-content\/uploads\/2023\/09\/Paris-6-768x1024.jpg\" data-lightbox=\"lightbox[rel-929-324114212]\"><img loading=\"lazy\" decoding=\"async\" width=\"1920\" height=\"2560\" src=\"https:\/\/antoninasofia.com\/wp-content\/uploads\/2023\/09\/Paris-6-scaled.jpg\" class=\"attachment-full\" alt=\"\" title=\"Paris (6)\" srcset=\"https:\/\/antoninasofia.com\/wp-content\/uploads\/2023\/09\/Paris-6-scaled.jpg 1920w, https:\/\/antoninasofia.com\/wp-content\/uploads\/2023\/09\/Paris-6-225x300.jpg 225w, https:\/\/antoninasofia.com\/wp-content\/uploads\/2023\/09\/Paris-6-768x1024.jpg 768w, https:\/\/antoninasofia.com\/wp-content\/uploads\/2023\/09\/Paris-6-1152x1536.jpg 1152w, https:\/\/antoninasofia.com\/wp-content\/uploads\/2023\/09\/Paris-6-1536x2048.jpg 1536w, https:\/\/antoninasofia.com\/wp-content\/uploads\/2023\/09\/Paris-6-9x12.jpg 9w, https:\/\/antoninasofia.com\/wp-content\/uploads\/2023\/09\/Paris-6-600x800.jpg 600w\" sizes=\"auto, (max-width: 1920px) 100vw, 1920px\" \/><\/a><\/li><li><a class=\"\" href=\"https:\/\/antoninasofia.com\/wp-content\/uploads\/2023\/09\/Paris-7-768x1024.jpg\" data-lightbox=\"lightbox[rel-929-324114212]\"><img loading=\"lazy\" decoding=\"async\" width=\"1920\" height=\"2560\" src=\"https:\/\/antoninasofia.com\/wp-content\/uploads\/2023\/09\/Paris-7-scaled.jpg\" class=\"attachment-full\" alt=\"\" title=\"Paris (7)\" srcset=\"https:\/\/antoninasofia.com\/wp-content\/uploads\/2023\/09\/Paris-7-scaled.jpg 1920w, https:\/\/antoninasofia.com\/wp-content\/uploads\/2023\/09\/Paris-7-225x300.jpg 225w, https:\/\/antoninasofia.com\/wp-content\/uploads\/2023\/09\/Paris-7-768x1024.jpg 768w, https:\/\/antoninasofia.com\/wp-content\/uploads\/2023\/09\/Paris-7-1152x1536.jpg 1152w, https:\/\/antoninasofia.com\/wp-content\/uploads\/2023\/09\/Paris-7-1536x2048.jpg 1536w, https:\/\/antoninasofia.com\/wp-content\/uploads\/2023\/09\/Paris-7-9x12.jpg 9w, https:\/\/antoninasofia.com\/wp-content\/uploads\/2023\/09\/Paris-7-600x800.jpg 600w\" sizes=\"auto, (max-width: 1920px) 100vw, 1920px\" \/><\/a><\/li><li><a class=\"\" href=\"https:\/\/antoninasofia.com\/wp-content\/uploads\/2023\/09\/Paris-9-768x1024.jpg\" data-lightbox=\"lightbox[rel-929-324114212]\"><img loading=\"lazy\" decoding=\"async\" width=\"1920\" height=\"2560\" src=\"https:\/\/antoninasofia.com\/wp-content\/uploads\/2023\/09\/Paris-9-scaled.jpg\" class=\"attachment-full\" alt=\"\" title=\"Paris (9)\" srcset=\"https:\/\/antoninasofia.com\/wp-content\/uploads\/2023\/09\/Paris-9-scaled.jpg 1920w, https:\/\/antoninasofia.com\/wp-content\/uploads\/2023\/09\/Paris-9-225x300.jpg 225w, https:\/\/antoninasofia.com\/wp-content\/uploads\/2023\/09\/Paris-9-768x1024.jpg 768w, https:\/\/antoninasofia.com\/wp-content\/uploads\/2023\/09\/Paris-9-1152x1536.jpg 1152w, https:\/\/antoninasofia.com\/wp-content\/uploads\/2023\/09\/Paris-9-1536x2048.jpg 1536w, https:\/\/antoninasofia.com\/wp-content\/uploads\/2023\/09\/Paris-9-9x12.jpg 9w, https:\/\/antoninasofia.com\/wp-content\/uploads\/2023\/09\/Paris-9-600x800.jpg 600w\" sizes=\"auto, (max-width: 1920px) 100vw, 1920px\" \/><\/a><\/li><li><a class=\"\" href=\"https:\/\/antoninasofia.com\/wp-content\/uploads\/2023\/09\/Paris-11-701x1024.jpg\" data-lightbox=\"lightbox[rel-929-324114212]\"><img loading=\"lazy\" decoding=\"async\" width=\"1080\" height=\"1578\" src=\"https:\/\/antoninasofia.com\/wp-content\/uploads\/2023\/09\/Paris-11.jpg\" class=\"attachment-full\" alt=\"\" title=\"Paris (11)\" srcset=\"https:\/\/antoninasofia.com\/wp-content\/uploads\/2023\/09\/Paris-11.jpg 1080w, https:\/\/antoninasofia.com\/wp-content\/uploads\/2023\/09\/Paris-11-205x300.jpg 205w, https:\/\/antoninasofia.com\/wp-content\/uploads\/2023\/09\/Paris-11-701x1024.jpg 701w, https:\/\/antoninasofia.com\/wp-content\/uploads\/2023\/09\/Paris-11-768x1122.jpg 768w, https:\/\/antoninasofia.com\/wp-content\/uploads\/2023\/09\/Paris-11-1051x1536.jpg 1051w, https:\/\/antoninasofia.com\/wp-content\/uploads\/2023\/09\/Paris-11-8x12.jpg 8w, https:\/\/antoninasofia.com\/wp-content\/uploads\/2023\/09\/Paris-11-600x877.jpg 600w\" sizes=\"auto, (max-width: 1080px) 100vw, 1080px\" \/><\/a><\/li><\/ul><\/div><\/div><\/div><\/div><\/div><\/div><div class=\"wpb_column vc_column_container vc_col-sm-2\"><div class=\"vc_column-inner\"><div class=\"wpb_wrapper\"><\/div><\/div><\/div><\/div><\/div><\/div><\/div><\/div>\n<\/section>","protected":false},"excerpt":{"rendered":"LOCATION: Art3F, Paris, France International Contemporary Art Fair, Paris, France 22&gt;24 SEPTEMBER 2023 | Porte de Versailles Art3f moves the lines of traditional contemporary art dealer fairs, giving these cultural events a human and warm side.\u00a0Without code, without prejudice and uninhibited, Art3f is a clever mix between favorite art, affordable art and the most beautiful [...]","protected":false},"author":1,"featured_media":931,"comment_status":"open","ping_status":"open","sticky":false,"template":"","format":"standard","meta":{"footnotes":""},"categories":[57],"tags":[],"class_list":["post-929","post","type-post","status-publish","format-standard","has-post-thumbnail","hentry","category-exhibitions"],"yoast_head":"<!-- This site is optimized with the Yoast SEO plugin v21.2 - https:\/\/yoast.com\/wordpress\/plugins\/seo\/ -->\n<title>International Contemporary Art Fair, The autumn edition - ANTONINA SOFIA SOCIU<\/title>\n<meta name=\"robots\" content=\"index, follow, max-snippet:-1, max-image-preview:large, max-video-preview:-1\" \/>\n<link rel=\"canonical\" href=\"https:\/\/antoninasofia.com\/ro\/2023\/09\/12\/international-contemporary-art-fair-the-autumn-edition\/\" \/>\n<meta property=\"og:locale\" content=\"ro_RO\" \/>\n<meta property=\"og:type\" content=\"article\" \/>\n<meta property=\"og:title\" content=\"International Contemporary Art Fair, The autumn edition - ANTONINA SOFIA SOCIU\" \/>\n<meta property=\"og:url\" content=\"https:\/\/antoninasofia.com\/ro\/2023\/09\/12\/international-contemporary-art-fair-the-autumn-edition\/\" \/>\n<meta property=\"og:site_name\" content=\"ANTONINA SOFIA SOCIU\" \/>\n<meta property=\"article:published_time\" content=\"2023-09-12T11:34:19+00:00\" \/>\n<meta property=\"article:modified_time\" content=\"2023-10-14T12:03:20+00:00\" \/>\n<meta property=\"og:image\" content=\"https:\/\/antoninasofia.com\/wp-content\/uploads\/2023\/09\/art3f-eng.jpg\" \/>\n\t<meta property=\"og:image:width\" content=\"964\" \/>\n\t<meta property=\"og:image:height\" content=\"760\" \/>\n\t<meta property=\"og:image:type\" content=\"image\/jpeg\" \/>\n<meta name=\"author\" content=\"admin@infora.ro\" \/>\n<meta name=\"twitter:card\" content=\"summary_large_image\" \/>\n<meta name=\"twitter:label1\" content=\"Scris de\" \/>\n\t<meta name=\"twitter:data1\" content=\"admin@infora.ro\" \/>\n\t<meta name=\"twitter:label2\" content=\"Timp estimat pentru citire\" \/>\n\t<meta name=\"twitter:data2\" content=\"3 minute\" \/>\n<script type=\"application\/ld+json\" class=\"yoast-schema-graph\">{\"@context\":\"https:\/\/schema.org\",\"@graph\":[{\"@type\":\"WebPage\",\"@id\":\"https:\/\/antoninasofia.com\/2023\/09\/12\/international-contemporary-art-fair-the-autumn-edition\/\",\"url\":\"https:\/\/antoninasofia.com\/2023\/09\/12\/international-contemporary-art-fair-the-autumn-edition\/\",\"name\":\"International Contemporary Art Fair, The autumn edition - ANTONINA SOFIA SOCIU\",\"isPartOf\":{\"@id\":\"https:\/\/antoninasofia.com\/#website\"},\"datePublished\":\"2023-09-12T11:34:19+00:00\",\"dateModified\":\"2023-10-14T12:03:20+00:00\",\"author\":{\"@id\":\"https:\/\/antoninasofia.com\/#\/schema\/person\/aa2c3b57f125d68f9ec671ef223b7ef6\"},\"breadcrumb\":{\"@id\":\"https:\/\/antoninasofia.com\/2023\/09\/12\/international-contemporary-art-fair-the-autumn-edition\/#breadcrumb\"},\"inLanguage\":\"ro-RO\",\"potentialAction\":[{\"@type\":\"ReadAction\",\"target\":[\"https:\/\/antoninasofia.com\/2023\/09\/12\/international-contemporary-art-fair-the-autumn-edition\/\"]}]},{\"@type\":\"BreadcrumbList\",\"@id\":\"https:\/\/antoninasofia.com\/2023\/09\/12\/international-contemporary-art-fair-the-autumn-edition\/#breadcrumb\",\"itemListElement\":[{\"@type\":\"ListItem\",\"position\":1,\"name\":\"Home\",\"item\":\"https:\/\/antoninasofia.com\/\"},{\"@type\":\"ListItem\",\"position\":2,\"name\":\"International Contemporary Art Fair, The autumn edition\"}]},{\"@type\":\"WebSite\",\"@id\":\"https:\/\/antoninasofia.com\/#website\",\"url\":\"https:\/\/antoninasofia.com\/\",\"name\":\"ANTONINA SOFIA SOCIU\",\"description\":\"Abstract Artist\",\"potentialAction\":[{\"@type\":\"SearchAction\",\"target\":{\"@type\":\"EntryPoint\",\"urlTemplate\":\"https:\/\/antoninasofia.com\/?s={search_term_string}\"},\"query-input\":\"required name=search_term_string\"}],\"inLanguage\":\"ro-RO\"},{\"@type\":\"Person\",\"@id\":\"https:\/\/antoninasofia.com\/#\/schema\/person\/aa2c3b57f125d68f9ec671ef223b7ef6\",\"name\":\"admin@infora.ro\",\"image\":{\"@type\":\"ImageObject\",\"inLanguage\":\"ro-RO\",\"@id\":\"https:\/\/antoninasofia.com\/#\/schema\/person\/image\/\",\"url\":\"https:\/\/antoninasofia.com\/wp-content\/litespeed\/avatar\/c366b0de865f17c9d5224fb45d8e0b53.jpg?ver=1777257323\",\"contentUrl\":\"https:\/\/antoninasofia.com\/wp-content\/litespeed\/avatar\/c366b0de865f17c9d5224fb45d8e0b53.jpg?ver=1777257323\",\"caption\":\"admin@infora.ro\"},\"sameAs\":[\"https:\/\/antoninasofia.com\"]}]}<\/script>\n<!-- \/ Yoast SEO plugin. -->","yoast_head_json":{"title":"International Contemporary Art Fair, The autumn edition - ANTONINA SOFIA SOCIU","robots":{"index":"index","follow":"follow","max-snippet":"max-snippet:-1","max-image-preview":"max-image-preview:large","max-video-preview":"max-video-preview:-1"},"canonical":"https:\/\/antoninasofia.com\/ro\/2023\/09\/12\/international-contemporary-art-fair-the-autumn-edition\/","og_locale":"ro_RO","og_type":"article","og_title":"International Contemporary Art Fair, The autumn edition - ANTONINA SOFIA SOCIU","og_url":"https:\/\/antoninasofia.com\/ro\/2023\/09\/12\/international-contemporary-art-fair-the-autumn-edition\/","og_site_name":"ANTONINA SOFIA SOCIU","article_published_time":"2023-09-12T11:34:19+00:00","article_modified_time":"2023-10-14T12:03:20+00:00","og_image":[{"width":964,"height":760,"url":"https:\/\/antoninasofia.com\/wp-content\/uploads\/2023\/09\/art3f-eng.jpg","type":"image\/jpeg"}],"author":"admin@infora.ro","twitter_card":"summary_large_image","twitter_misc":{"Scris de":"admin@infora.ro","Timp estimat pentru citire":"3 minute"},"schema":{"@context":"https:\/\/schema.org","@graph":[{"@type":"WebPage","@id":"https:\/\/antoninasofia.com\/2023\/09\/12\/international-contemporary-art-fair-the-autumn-edition\/","url":"https:\/\/antoninasofia.com\/2023\/09\/12\/international-contemporary-art-fair-the-autumn-edition\/","name":"International Contemporary Art Fair, The autumn edition - ANTONINA SOFIA SOCIU","isPartOf":{"@id":"https:\/\/antoninasofia.com\/#website"},"datePublished":"2023-09-12T11:34:19+00:00","dateModified":"2023-10-14T12:03:20+00:00","author":{"@id":"https:\/\/antoninasofia.com\/#\/schema\/person\/aa2c3b57f125d68f9ec671ef223b7ef6"},"breadcrumb":{"@id":"https:\/\/antoninasofia.com\/2023\/09\/12\/international-contemporary-art-fair-the-autumn-edition\/#breadcrumb"},"inLanguage":"ro-RO","potentialAction":[{"@type":"ReadAction","target":["https:\/\/antoninasofia.com\/2023\/09\/12\/international-contemporary-art-fair-the-autumn-edition\/"]}]},{"@type":"BreadcrumbList","@id":"https:\/\/antoninasofia.com\/2023\/09\/12\/international-contemporary-art-fair-the-autumn-edition\/#breadcrumb","itemListElement":[{"@type":"ListItem","position":1,"name":"Home","item":"https:\/\/antoninasofia.com\/"},{"@type":"ListItem","position":2,"name":"International Contemporary Art Fair, The autumn edition"}]},{"@type":"WebSite","@id":"https:\/\/antoninasofia.com\/#website","url":"https:\/\/antoninasofia.com\/","name":"ANTONINA SOFIA SOCIU","description":"Abstract Artist","potentialAction":[{"@type":"SearchAction","target":{"@type":"EntryPoint","urlTemplate":"https:\/\/antoninasofia.com\/?s={search_term_string}"},"query-input":"required name=search_term_string"}],"inLanguage":"ro-RO"},{"@type":"Person","@id":"https:\/\/antoninasofia.com\/#\/schema\/person\/aa2c3b57f125d68f9ec671ef223b7ef6","name":"admin@infora.ro","image":{"@type":"ImageObject","inLanguage":"ro-RO","@id":"https:\/\/antoninasofia.com\/#\/schema\/person\/image\/","url":"https:\/\/antoninasofia.com\/wp-content\/litespeed\/avatar\/c366b0de865f17c9d5224fb45d8e0b53.jpg?ver=1777257323","contentUrl":"https:\/\/antoninasofia.com\/wp-content\/litespeed\/avatar\/c366b0de865f17c9d5224fb45d8e0b53.jpg?ver=1777257323","caption":"admin@infora.ro"},"sameAs":["https:\/\/antoninasofia.com"]}]}},"_links":{"self":[{"href":"https:\/\/antoninasofia.com\/ro\/wp-json\/wp\/v2\/posts\/929","targetHints":{"allow":["GET"]}}],"collection":[{"href":"https:\/\/antoninasofia.com\/ro\/wp-json\/wp\/v2\/posts"}],"about":[{"href":"https:\/\/antoninasofia.com\/ro\/wp-json\/wp\/v2\/types\/post"}],"author":[{"embeddable":true,"href":"https:\/\/antoninasofia.com\/ro\/wp-json\/wp\/v2\/users\/1"}],"replies":[{"embeddable":true,"href":"https:\/\/antoninasofia.com\/ro\/wp-json\/wp\/v2\/comments?post=929"}],"version-history":[{"count":10,"href":"https:\/\/antoninasofia.com\/ro\/wp-json\/wp\/v2\/posts\/929\/revisions"}],"predecessor-version":[{"id":1081,"href":"https:\/\/antoninasofia.com\/ro\/wp-json\/wp\/v2\/posts\/929\/revisions\/1081"}],"wp:featuredmedia":[{"embeddable":true,"href":"https:\/\/antoninasofia.com\/ro\/wp-json\/wp\/v2\/media\/931"}],"wp:attachment":[{"href":"https:\/\/antoninasofia.com\/ro\/wp-json\/wp\/v2\/media?parent=929"}],"wp:term":[{"taxonomy":"category","embeddable":true,"href":"https:\/\/antoninasofia.com\/ro\/wp-json\/wp\/v2\/categories?post=929"},{"taxonomy":"post_tag","embeddable":true,"href":"https:\/\/antoninasofia.com\/ro\/wp-json\/wp\/v2\/tags?post=929"}],"curies":[{"name":"wp","href":"https:\/\/api.w.org\/{rel}","templated":true}]}}