{"id":929,"date":"2023-09-12T11:34:19","date_gmt":"2023-09-12T11:34:19","guid":{"rendered":"https:\/\/antoninasofia.com\/?p=929"},"modified":"2023-10-14T12:03:20","modified_gmt":"2023-10-14T12:03:20","slug":"international-contemporary-art-fair-the-autumn-edition","status":"publish","type":"post","link":"https:\/\/antoninasofia.com\/fr\/2023\/09\/12\/international-contemporary-art-fair-the-autumn-edition\/","title":{"rendered":"Salon international d'art contemporain, L'\u00e9dition d'automne"},"content":{"rendered":"<section class=\"wpb-content-wrapper\"><div class=\"vc_row wpb_row vc_row-fluid vc_column-gap-20\"><div class=\"inaltime-fixa wpb_column vc_column_container vc_col-sm-4\"><div class=\"vc_column-inner\"><div class=\"wpb_wrapper\"><div class=\"wpb_gallery wpb_content_element vc_clearfix\" ><div class=\"wpb_wrapper\"><div class=\"wpb_gallery_slides wpb_flexslider flexslider_fade flexslider\" data-interval=\"3\" data-flex_fx=\"fade\"><ul class=\"slides\"><li><a class=\"\" href=\"https:\/\/antoninasofia.com\/wp-content\/uploads\/2023\/09\/art3f-eng.jpg\" data-lightbox=\"lightbox[rel-929-839778691]\"><img loading=\"lazy\" decoding=\"async\" width=\"964\" height=\"760\" src=\"https:\/\/antoninasofia.com\/wp-content\/uploads\/2023\/09\/art3f-eng.jpg\" class=\"attachment-full\" alt=\"\" title=\"art3f-eng\" srcset=\"https:\/\/antoninasofia.com\/wp-content\/uploads\/2023\/09\/art3f-eng.jpg 964w, https:\/\/antoninasofia.com\/wp-content\/uploads\/2023\/09\/art3f-eng-300x237.jpg 300w, https:\/\/antoninasofia.com\/wp-content\/uploads\/2023\/09\/art3f-eng-768x605.jpg 768w, https:\/\/antoninasofia.com\/wp-content\/uploads\/2023\/09\/art3f-eng-15x12.jpg 15w, https:\/\/antoninasofia.com\/wp-content\/uploads\/2023\/09\/art3f-eng-600x473.jpg 600w\" sizes=\"auto, (max-width: 964px) 100vw, 964px\" \/><\/a><\/li><li><a class=\"\" href=\"https:\/\/antoninasofia.com\/wp-content\/uploads\/2023\/09\/Expozitie-Paris-576x1024.png\" data-lightbox=\"lightbox[rel-929-839778691]\"><img loading=\"lazy\" decoding=\"async\" width=\"1080\" height=\"1920\" src=\"https:\/\/antoninasofia.com\/wp-content\/uploads\/2023\/09\/Expozitie-Paris.png\" class=\"attachment-full\" alt=\"\" title=\"Expozitie - Paris\" srcset=\"https:\/\/antoninasofia.com\/wp-content\/uploads\/2023\/09\/Expozitie-Paris.png 1080w, https:\/\/antoninasofia.com\/wp-content\/uploads\/2023\/09\/Expozitie-Paris-169x300.png 169w, https:\/\/antoninasofia.com\/wp-content\/uploads\/2023\/09\/Expozitie-Paris-576x1024.png 576w, https:\/\/antoninasofia.com\/wp-content\/uploads\/2023\/09\/Expozitie-Paris-768x1365.png 768w, https:\/\/antoninasofia.com\/wp-content\/uploads\/2023\/09\/Expozitie-Paris-864x1536.png 864w, https:\/\/antoninasofia.com\/wp-content\/uploads\/2023\/09\/Expozitie-Paris-7x12.png 7w, https:\/\/antoninasofia.com\/wp-content\/uploads\/2023\/09\/Expozitie-Paris-600x1067.png 600w\" sizes=\"auto, (max-width: 1080px) 100vw, 1080px\" \/><\/a><\/li><\/ul><\/div><\/div><\/div><div class=\"vc_empty_space\"   style=\"height: 10px\"><span class=\"vc_empty_space_inner\"><\/span><\/div>\n\t<div class=\"wpb_text_column wpb_content_element\" >\n\t\t<div class=\"wpb_wrapper\">\n\t\t\t<p><strong>Art3F, Paris, France<\/strong><\/p>\n\n\t\t<\/div>\n\t<\/div>\n<\/div><\/div><\/div><div class=\"wpb_column vc_column_container vc_col-sm-8\"><div class=\"vc_column-inner\"><div class=\"wpb_wrapper\">\n\t<div class=\"wpb_text_column wpb_content_element\" >\n\t\t<div class=\"wpb_wrapper\">\n\t\t\t<p><strong>Salon international d'art contemporain, Paris, France<\/strong><\/p>\n<p>22&gt;24 SEPTEMBRE 2023 | Porte de Versailles<\/p>\n<p><strong>Art3f bouge les lignes des traditionnels salons marchands d\u2019art contemporain, en redonnant \u00e0 ces \u00e9v\u00e9nements culturels un c\u00f4t\u00e9 humain et chaleureux.<\/strong>\u00a0Sans code, sans pr\u00e9jug\u00e9 et d\u00e9complex\u00e9, art3f est un savant m\u00e9lange entre l\u2019art coup de c\u0153ur, l\u2019art abordable et la plus belle repr\u00e9sentation artistique du moment. Autant de raisons de partir \u00e0 la d\u00e9couverte de l\u2019art en famille.\n\nEchange direct et partage des \u00e9motions avec les artistes et galeries<\/p>\n<p>Avec une forte dominante d\u2019artistes s\u00e9lectionn\u00e9s par notre comit\u00e9 de s\u00e9lection (des galeries seront elles aussi pr\u00e9sentes),\u00a0<strong>les f\u00e9rus d\u2019art et les collectionneurs pourront rencontrer les artistes en direct et partager avec eux leurs univers singuliers<\/strong>\u00a0. Une occasion unique de d\u00e9nicher de nouveaux talents et de partir \u00e0 la d\u00e9couverte des stars de demain ! Parmi ces nombreux talents (peintres, sculpteurs, photographes\u2026), des d\u00e9couvertes art3f, la jeune garde contemporaine internationale mais aussi des artistes install\u00e9s et des \u0153uvres prestigieuses. Que d\u2019\u00e9motions et de partages \u00e0 venir !\u00a0<strong>Parce que la vie continue et l\u2019optimisme reprend ses droits, parce qu\u2019il faut positiver, boire, manger, s\u2019amuser, s\u2019\u00e9merveiller, l\u2019art est un excellent rem\u00e8de !<\/strong><\/p>\n\n\t\t<\/div>\n\t<\/div>\n<div class=\"vc_empty_space\"   style=\"height: 20px\"><span class=\"vc_empty_space_inner\"><\/span><\/div><div class=\"vc_btn3-container vc_btn3-inline\" ><a class=\"vc_general vc_btn3 vc_btn3-size-md vc_btn3-shape-rounded vc_btn3-style-modern vc_btn3-color-chino\" href=\"https:\/\/www.art3f.fr\/en\/paris-septembre\/\" title=\"\" target=\"_blank\">EN SAVOIR PLUS<\/a><\/div><\/div><\/div><\/div><\/div><div class=\"vc_row wpb_row vc_row-fluid\"><div class=\"wpb_column vc_column_container vc_col-sm-12\"><div class=\"vc_column-inner\"><div class=\"wpb_wrapper\"><div class=\"vc_empty_space\"   style=\"height: 32px\"><span class=\"vc_empty_space_inner\"><\/span><\/div><\/div><\/div><\/div><\/div><div class=\"vc_row wpb_row vc_row-fluid\"><div class=\"wpb_column vc_column_container vc_col-sm-12\"><div class=\"vc_column-inner\"><div class=\"wpb_wrapper\">\n\t<div class=\"wpb_text_column wpb_content_element  smaller-txt\" >\n\t\t<div class=\"wpb_wrapper\">\n\t\t\t<p>&lt;&lt;&lt;\u00a0 L&#039;exposition Art3F \u00e0 Paris, \u00e9dition automne, du 22 au 24 septembre 2023, n&#039;a pas \u00e9t\u00e9 seulement une destination d&#039;exposition pour moi, mais aussi un moment pour c\u00e9l\u00e9brer mon parcours artistique et mon 44e anniversaire - une s\u00e9rie de &quot;moments&quot; avec un large spectre d&#039;exp\u00e9riences personnelles, d&#039;\u00e9motions et de sentiments. L&#039;univers m&#039;a donn\u00e9 l&#039;opportunit\u00e9 de ressentir une profonde gratitude et des b\u00e9n\u00e9dictions dans un endroit o\u00f9 l&#039;art est au centre de l&#039;attention, et la beaut\u00e9 brille dans chaque coin. C&#039;\u00e9tait comme un cadeau sur mon chemin de DEVENIR.<\/p>\n<p>La pr\u00e9paration de l'exposition elle-m\u00eame a apport\u00e9 un m\u00e9lange d'\u00e9motions contradictoires. Le stress de l'organisation du voyage et de l'exposition jusqu'aux moindres d\u00e9tails, ainsi que l'anticipation de l'exposition elle-m\u00eame, m'ont profond\u00e9ment challeng\u00e9. Mon voyage vers et depuis Paris dans un camping-car de 3,5 tonnes, de 7 m\u00e8tres de long et de 3,2 m\u00e8tres de haut, a r\u00e9v\u00e9l\u00e9 des facettes de moi-m\u00eame que je regarde maintenant avec exub\u00e9rance et fiert\u00e9. Un sentiment d'harmonie dans un \"petit\" refuge sur quatre roues, un \"mentor silencieux\" qui m'a appris \u00e0 faire confiance \u00e0 ma force cr\u00e9ative et qui m'a fourni non seulement de l'ind\u00e9pendance, mais aussi une connexion \u00e0 moi-m\u00eame et \u00e0 la nature - un espace o\u00f9 mes peintures, ma musique et mes pens\u00e9es \u00e9taient mes compagnons fid\u00e8les.<\/p>\n<p>Parfois, il suffit d'un voyage avec un c\u0153ur ouvert pour d\u00e9couvrir des sources d'inspiration et de puissance inexploit\u00e9es en nous-m\u00eames. Ainsi, Paris a \u00e9t\u00e9 pour moi non seulement une ville charmante o\u00f9 j'ai expos\u00e9 mes \u0153uvres, mais aussi une m\u00e9taphore puissante de la transformation personnelle, une le\u00e7on essentielle sur le fait de ne pas sacrifier mon authenticit\u00e9 pour r\u00e9pondre aux attentes des autres ou me conformer \u00e0 des mod\u00e8les pr\u00e9\u00e9tablis. Paris a renforc\u00e9 ma croyance en l'expression courageuse de ma propre vision et la poursuite de mes passions en parfaite harmonie avec mon moi authentique.<\/p>\n<p>J'ai expos\u00e9 avec un c\u0153ur rempli de gratitude. La s\u00e9rie de peintures que j'ai ressentie de mani\u00e8re visc\u00e9rale et que j'ai nomm\u00e9e \"Devenir\", avec des toiles o\u00f9 je me retrouve dans chaque coup de pinceau et chaque nuance, marque le d\u00e9but de mon parcours artistique - une s\u00e9rie qui met en avant les \u00e9chos de la passion de mon \u00e2me indompt\u00e9e.<\/p>\n<p>Je suis reconnaissant pour chaque exp\u00e9rience et chaque personne qui a \u00e9t\u00e9 avec moi dans ce voyage. Qu'ils aient \u00e9t\u00e9 une lumi\u00e8re directrice ou une le\u00e7on de vie, ils ont tous apport\u00e9 des contributions pr\u00e9cieuses \u00e0 ce que je suis aujourd'hui.<\/p>\n<p>Dans un monde riche en couleurs et en formes, o\u00f9 les \u00e2mes se manifestent continuellement dans l'obscurit\u00e9 et la lumi\u00e8re, j'esp\u00e8re que cette histoire inspire d'autres \u00e2mes \u00e0 d\u00e9couvrir leur propre potentiel, leur propre DEVENIR, et \u00e0 explorer la puissance profond\u00e9ment en elles-m\u00eames. &gt;&gt;&gt;<\/p>\n<p style=\"text-align: right;\">ANTONINA SOFIA SOCIU<\/p>\n\n\t\t<\/div>\n\t<\/div>\n<div class=\"vc_empty_space\"   style=\"height: 64px\"><span class=\"vc_empty_space_inner\"><\/span><\/div><div class=\"vc_row wpb_row vc_inner vc_row-fluid\"><div class=\"wpb_column vc_column_container vc_col-sm-2\"><div class=\"vc_column-inner\"><div class=\"wpb_wrapper\"><\/div><\/div><\/div><div class=\"wpb_column vc_column_container vc_col-sm-8\"><div class=\"vc_column-inner\"><div class=\"wpb_wrapper\"><div class=\"wpb_gallery wpb_content_element vc_clearfix\" ><div class=\"wpb_wrapper\"><div class=\"wpb_gallery_slides wpb_flexslider flexslider_fade flexslider\" data-interval=\"3\" data-flex_fx=\"fade\"><ul class=\"slides\"><li><a class=\"\" href=\"https:\/\/antoninasofia.com\/wp-content\/uploads\/2023\/09\/Camper-1-1024x768.jpg\" data-lightbox=\"lightbox[rel-929-393297475]\"><img loading=\"lazy\" decoding=\"async\" width=\"2560\" height=\"1920\" src=\"https:\/\/antoninasofia.com\/wp-content\/uploads\/2023\/09\/Camper-1-scaled.jpg\" class=\"attachment-full\" alt=\"\" title=\"Camper\" srcset=\"https:\/\/antoninasofia.com\/wp-content\/uploads\/2023\/09\/Camper-1-scaled.jpg 2560w, https:\/\/antoninasofia.com\/wp-content\/uploads\/2023\/09\/Camper-1-300x225.jpg 300w, https:\/\/antoninasofia.com\/wp-content\/uploads\/2023\/09\/Camper-1-1024x768.jpg 1024w, https:\/\/antoninasofia.com\/wp-content\/uploads\/2023\/09\/Camper-1-768x576.jpg 768w, https:\/\/antoninasofia.com\/wp-content\/uploads\/2023\/09\/Camper-1-1536x1152.jpg 1536w, https:\/\/antoninasofia.com\/wp-content\/uploads\/2023\/09\/Camper-1-2048x1536.jpg 2048w, https:\/\/antoninasofia.com\/wp-content\/uploads\/2023\/09\/Camper-1-16x12.jpg 16w, https:\/\/antoninasofia.com\/wp-content\/uploads\/2023\/09\/Camper-1-600x450.jpg 600w\" sizes=\"auto, (max-width: 2560px) 100vw, 2560px\" \/><\/a><\/li><li><a class=\"\" href=\"https:\/\/antoninasofia.com\/wp-content\/uploads\/2023\/09\/Camper-2-768x1024.jpg\" data-lightbox=\"lightbox[rel-929-393297475]\"><img loading=\"lazy\" decoding=\"async\" width=\"1920\" height=\"2560\" src=\"https:\/\/antoninasofia.com\/wp-content\/uploads\/2023\/09\/Camper-2-scaled.jpg\" class=\"attachment-full\" alt=\"\" title=\"Camper (2)\" srcset=\"https:\/\/antoninasofia.com\/wp-content\/uploads\/2023\/09\/Camper-2-scaled.jpg 1920w, https:\/\/antoninasofia.com\/wp-content\/uploads\/2023\/09\/Camper-2-225x300.jpg 225w, https:\/\/antoninasofia.com\/wp-content\/uploads\/2023\/09\/Camper-2-768x1024.jpg 768w, https:\/\/antoninasofia.com\/wp-content\/uploads\/2023\/09\/Camper-2-1152x1536.jpg 1152w, https:\/\/antoninasofia.com\/wp-content\/uploads\/2023\/09\/Camper-2-1536x2048.jpg 1536w, https:\/\/antoninasofia.com\/wp-content\/uploads\/2023\/09\/Camper-2-9x12.jpg 9w, https:\/\/antoninasofia.com\/wp-content\/uploads\/2023\/09\/Camper-2-600x800.jpg 600w\" sizes=\"auto, (max-width: 1920px) 100vw, 1920px\" \/><\/a><\/li><li><a class=\"\" href=\"https:\/\/antoninasofia.com\/wp-content\/uploads\/2023\/09\/Paris-768x1024.jpg\" data-lightbox=\"lightbox[rel-929-393297475]\"><img loading=\"lazy\" decoding=\"async\" width=\"1920\" height=\"2560\" src=\"https:\/\/antoninasofia.com\/wp-content\/uploads\/2023\/09\/Paris-scaled.jpg\" class=\"attachment-full\" alt=\"\" title=\"Paris\" srcset=\"https:\/\/antoninasofia.com\/wp-content\/uploads\/2023\/09\/Paris-scaled.jpg 1920w, https:\/\/antoninasofia.com\/wp-content\/uploads\/2023\/09\/Paris-225x300.jpg 225w, https:\/\/antoninasofia.com\/wp-content\/uploads\/2023\/09\/Paris-768x1024.jpg 768w, https:\/\/antoninasofia.com\/wp-content\/uploads\/2023\/09\/Paris-1152x1536.jpg 1152w, https:\/\/antoninasofia.com\/wp-content\/uploads\/2023\/09\/Paris-1536x2048.jpg 1536w, https:\/\/antoninasofia.com\/wp-content\/uploads\/2023\/09\/Paris-9x12.jpg 9w, https:\/\/antoninasofia.com\/wp-content\/uploads\/2023\/09\/Paris-600x800.jpg 600w\" sizes=\"auto, (max-width: 1920px) 100vw, 1920px\" \/><\/a><\/li><li><a class=\"\" href=\"https:\/\/antoninasofia.com\/wp-content\/uploads\/2023\/09\/Paris-1-1024x1024.jpeg\" data-lightbox=\"lightbox[rel-929-393297475]\"><img loading=\"lazy\" decoding=\"async\" width=\"1440\" height=\"1440\" src=\"https:\/\/antoninasofia.com\/wp-content\/uploads\/2023\/09\/Paris-1.jpeg\" class=\"attachment-full\" alt=\"\" title=\"Paris (1)\" srcset=\"https:\/\/antoninasofia.com\/wp-content\/uploads\/2023\/09\/Paris-1.jpeg 1440w, https:\/\/antoninasofia.com\/wp-content\/uploads\/2023\/09\/Paris-1-300x300.jpeg 300w, https:\/\/antoninasofia.com\/wp-content\/uploads\/2023\/09\/Paris-1-1024x1024.jpeg 1024w, https:\/\/antoninasofia.com\/wp-content\/uploads\/2023\/09\/Paris-1-150x150.jpeg 150w, https:\/\/antoninasofia.com\/wp-content\/uploads\/2023\/09\/Paris-1-768x768.jpeg 768w, https:\/\/antoninasofia.com\/wp-content\/uploads\/2023\/09\/Paris-1-12x12.jpeg 12w, https:\/\/antoninasofia.com\/wp-content\/uploads\/2023\/09\/Paris-1-600x600.jpeg 600w, https:\/\/antoninasofia.com\/wp-content\/uploads\/2023\/09\/Paris-1-100x100.jpeg 100w\" sizes=\"auto, (max-width: 1440px) 100vw, 1440px\" \/><\/a><\/li><li><a class=\"\" href=\"https:\/\/antoninasofia.com\/wp-content\/uploads\/2023\/09\/Paris-4-1024x768.jpg\" data-lightbox=\"lightbox[rel-929-393297475]\"><img loading=\"lazy\" decoding=\"async\" width=\"2560\" height=\"1920\" src=\"https:\/\/antoninasofia.com\/wp-content\/uploads\/2023\/09\/Paris-4-scaled.jpg\" class=\"attachment-full\" alt=\"\" title=\"Paris (4)\" srcset=\"https:\/\/antoninasofia.com\/wp-content\/uploads\/2023\/09\/Paris-4-scaled.jpg 2560w, https:\/\/antoninasofia.com\/wp-content\/uploads\/2023\/09\/Paris-4-300x225.jpg 300w, https:\/\/antoninasofia.com\/wp-content\/uploads\/2023\/09\/Paris-4-1024x768.jpg 1024w, https:\/\/antoninasofia.com\/wp-content\/uploads\/2023\/09\/Paris-4-768x576.jpg 768w, https:\/\/antoninasofia.com\/wp-content\/uploads\/2023\/09\/Paris-4-1536x1152.jpg 1536w, https:\/\/antoninasofia.com\/wp-content\/uploads\/2023\/09\/Paris-4-2048x1536.jpg 2048w, https:\/\/antoninasofia.com\/wp-content\/uploads\/2023\/09\/Paris-4-16x12.jpg 16w, https:\/\/antoninasofia.com\/wp-content\/uploads\/2023\/09\/Paris-4-600x450.jpg 600w\" sizes=\"auto, (max-width: 2560px) 100vw, 2560px\" \/><\/a><\/li><li><a class=\"\" href=\"https:\/\/antoninasofia.com\/wp-content\/uploads\/2023\/09\/Paris-5-768x1024.jpg\" data-lightbox=\"lightbox[rel-929-393297475]\"><img loading=\"lazy\" decoding=\"async\" width=\"1920\" height=\"2560\" src=\"https:\/\/antoninasofia.com\/wp-content\/uploads\/2023\/09\/Paris-5-scaled.jpg\" class=\"attachment-full\" alt=\"\" title=\"Paris (5)\" srcset=\"https:\/\/antoninasofia.com\/wp-content\/uploads\/2023\/09\/Paris-5-scaled.jpg 1920w, https:\/\/antoninasofia.com\/wp-content\/uploads\/2023\/09\/Paris-5-225x300.jpg 225w, https:\/\/antoninasofia.com\/wp-content\/uploads\/2023\/09\/Paris-5-768x1024.jpg 768w, https:\/\/antoninasofia.com\/wp-content\/uploads\/2023\/09\/Paris-5-1152x1536.jpg 1152w, https:\/\/antoninasofia.com\/wp-content\/uploads\/2023\/09\/Paris-5-1536x2048.jpg 1536w, https:\/\/antoninasofia.com\/wp-content\/uploads\/2023\/09\/Paris-5-9x12.jpg 9w, https:\/\/antoninasofia.com\/wp-content\/uploads\/2023\/09\/Paris-5-600x800.jpg 600w\" sizes=\"auto, (max-width: 1920px) 100vw, 1920px\" \/><\/a><\/li><li><a class=\"\" href=\"https:\/\/antoninasofia.com\/wp-content\/uploads\/2023\/09\/Paris-6-768x1024.jpg\" data-lightbox=\"lightbox[rel-929-393297475]\"><img loading=\"lazy\" decoding=\"async\" width=\"1920\" height=\"2560\" src=\"https:\/\/antoninasofia.com\/wp-content\/uploads\/2023\/09\/Paris-6-scaled.jpg\" class=\"attachment-full\" alt=\"\" title=\"Paris (6)\" srcset=\"https:\/\/antoninasofia.com\/wp-content\/uploads\/2023\/09\/Paris-6-scaled.jpg 1920w, https:\/\/antoninasofia.com\/wp-content\/uploads\/2023\/09\/Paris-6-225x300.jpg 225w, https:\/\/antoninasofia.com\/wp-content\/uploads\/2023\/09\/Paris-6-768x1024.jpg 768w, https:\/\/antoninasofia.com\/wp-content\/uploads\/2023\/09\/Paris-6-1152x1536.jpg 1152w, https:\/\/antoninasofia.com\/wp-content\/uploads\/2023\/09\/Paris-6-1536x2048.jpg 1536w, https:\/\/antoninasofia.com\/wp-content\/uploads\/2023\/09\/Paris-6-9x12.jpg 9w, https:\/\/antoninasofia.com\/wp-content\/uploads\/2023\/09\/Paris-6-600x800.jpg 600w\" sizes=\"auto, (max-width: 1920px) 100vw, 1920px\" \/><\/a><\/li><li><a class=\"\" href=\"https:\/\/antoninasofia.com\/wp-content\/uploads\/2023\/09\/Paris-7-768x1024.jpg\" data-lightbox=\"lightbox[rel-929-393297475]\"><img loading=\"lazy\" decoding=\"async\" width=\"1920\" height=\"2560\" src=\"https:\/\/antoninasofia.com\/wp-content\/uploads\/2023\/09\/Paris-7-scaled.jpg\" class=\"attachment-full\" alt=\"\" title=\"Paris (7)\" srcset=\"https:\/\/antoninasofia.com\/wp-content\/uploads\/2023\/09\/Paris-7-scaled.jpg 1920w, https:\/\/antoninasofia.com\/wp-content\/uploads\/2023\/09\/Paris-7-225x300.jpg 225w, https:\/\/antoninasofia.com\/wp-content\/uploads\/2023\/09\/Paris-7-768x1024.jpg 768w, https:\/\/antoninasofia.com\/wp-content\/uploads\/2023\/09\/Paris-7-1152x1536.jpg 1152w, https:\/\/antoninasofia.com\/wp-content\/uploads\/2023\/09\/Paris-7-1536x2048.jpg 1536w, https:\/\/antoninasofia.com\/wp-content\/uploads\/2023\/09\/Paris-7-9x12.jpg 9w, https:\/\/antoninasofia.com\/wp-content\/uploads\/2023\/09\/Paris-7-600x800.jpg 600w\" sizes=\"auto, (max-width: 1920px) 100vw, 1920px\" \/><\/a><\/li><li><a class=\"\" href=\"https:\/\/antoninasofia.com\/wp-content\/uploads\/2023\/09\/Paris-9-768x1024.jpg\" data-lightbox=\"lightbox[rel-929-393297475]\"><img loading=\"lazy\" decoding=\"async\" width=\"1920\" height=\"2560\" src=\"https:\/\/antoninasofia.com\/wp-content\/uploads\/2023\/09\/Paris-9-scaled.jpg\" class=\"attachment-full\" alt=\"\" title=\"Paris (9)\" srcset=\"https:\/\/antoninasofia.com\/wp-content\/uploads\/2023\/09\/Paris-9-scaled.jpg 1920w, https:\/\/antoninasofia.com\/wp-content\/uploads\/2023\/09\/Paris-9-225x300.jpg 225w, https:\/\/antoninasofia.com\/wp-content\/uploads\/2023\/09\/Paris-9-768x1024.jpg 768w, https:\/\/antoninasofia.com\/wp-content\/uploads\/2023\/09\/Paris-9-1152x1536.jpg 1152w, https:\/\/antoninasofia.com\/wp-content\/uploads\/2023\/09\/Paris-9-1536x2048.jpg 1536w, https:\/\/antoninasofia.com\/wp-content\/uploads\/2023\/09\/Paris-9-9x12.jpg 9w, https:\/\/antoninasofia.com\/wp-content\/uploads\/2023\/09\/Paris-9-600x800.jpg 600w\" sizes=\"auto, (max-width: 1920px) 100vw, 1920px\" \/><\/a><\/li><li><a class=\"\" href=\"https:\/\/antoninasofia.com\/wp-content\/uploads\/2023\/09\/Paris-11-701x1024.jpg\" data-lightbox=\"lightbox[rel-929-393297475]\"><img loading=\"lazy\" decoding=\"async\" width=\"1080\" height=\"1578\" src=\"https:\/\/antoninasofia.com\/wp-content\/uploads\/2023\/09\/Paris-11.jpg\" class=\"attachment-full\" alt=\"\" title=\"Paris (11)\" srcset=\"https:\/\/antoninasofia.com\/wp-content\/uploads\/2023\/09\/Paris-11.jpg 1080w, https:\/\/antoninasofia.com\/wp-content\/uploads\/2023\/09\/Paris-11-205x300.jpg 205w, https:\/\/antoninasofia.com\/wp-content\/uploads\/2023\/09\/Paris-11-701x1024.jpg 701w, https:\/\/antoninasofia.com\/wp-content\/uploads\/2023\/09\/Paris-11-768x1122.jpg 768w, https:\/\/antoninasofia.com\/wp-content\/uploads\/2023\/09\/Paris-11-1051x1536.jpg 1051w, https:\/\/antoninasofia.com\/wp-content\/uploads\/2023\/09\/Paris-11-8x12.jpg 8w, https:\/\/antoninasofia.com\/wp-content\/uploads\/2023\/09\/Paris-11-600x877.jpg 600w\" sizes=\"auto, (max-width: 1080px) 100vw, 1080px\" \/><\/a><\/li><\/ul><\/div><\/div><\/div><\/div><\/div><\/div><div class=\"wpb_column vc_column_container vc_col-sm-2\"><div class=\"vc_column-inner\"><div class=\"wpb_wrapper\"><\/div><\/div><\/div><\/div><\/div><\/div><\/div><\/div>\n<\/section>","protected":false},"excerpt":{"rendered":"LOCATION: Art3F, Paris, France International Contemporary Art Fair, Paris, France 22&gt;24 SEPTEMBER 2023 | Porte de Versailles Art3f moves the lines of traditional contemporary art dealer fairs, giving these cultural events a human and warm side.\u00a0Without code, without prejudice and uninhibited, Art3f is a clever mix between favorite art, affordable art and the most beautiful [...]","protected":false},"author":1,"featured_media":931,"comment_status":"open","ping_status":"open","sticky":false,"template":"","format":"standard","meta":{"footnotes":""},"categories":[57],"tags":[],"class_list":["post-929","post","type-post","status-publish","format-standard","has-post-thumbnail","hentry","category-exhibitions"],"yoast_head":"<!-- This site is optimized with the Yoast SEO plugin v21.2 - https:\/\/yoast.com\/wordpress\/plugins\/seo\/ -->\n<title>International Contemporary Art Fair, The autumn edition - ANTONINA SOFIA SOCIU<\/title>\n<meta name=\"robots\" content=\"index, follow, max-snippet:-1, max-image-preview:large, max-video-preview:-1\" \/>\n<link rel=\"canonical\" href=\"https:\/\/antoninasofia.com\/fr\/2023\/09\/12\/international-contemporary-art-fair-the-autumn-edition\/\" \/>\n<meta property=\"og:locale\" content=\"fr_FR\" \/>\n<meta property=\"og:type\" content=\"article\" \/>\n<meta property=\"og:title\" content=\"International Contemporary Art Fair, The autumn edition - ANTONINA SOFIA SOCIU\" \/>\n<meta property=\"og:url\" content=\"https:\/\/antoninasofia.com\/fr\/2023\/09\/12\/international-contemporary-art-fair-the-autumn-edition\/\" \/>\n<meta property=\"og:site_name\" content=\"ANTONINA SOFIA SOCIU\" \/>\n<meta property=\"article:published_time\" content=\"2023-09-12T11:34:19+00:00\" \/>\n<meta property=\"article:modified_time\" content=\"2023-10-14T12:03:20+00:00\" \/>\n<meta property=\"og:image\" content=\"https:\/\/antoninasofia.com\/wp-content\/uploads\/2023\/09\/art3f-eng.jpg\" \/>\n\t<meta property=\"og:image:width\" content=\"964\" \/>\n\t<meta property=\"og:image:height\" content=\"760\" \/>\n\t<meta property=\"og:image:type\" content=\"image\/jpeg\" \/>\n<meta name=\"author\" content=\"admin@infora.ro\" \/>\n<meta name=\"twitter:card\" content=\"summary_large_image\" \/>\n<meta name=\"twitter:label1\" content=\"\u00c9crit par\" \/>\n\t<meta name=\"twitter:data1\" content=\"admin@infora.ro\" \/>\n\t<meta name=\"twitter:label2\" content=\"Dur\u00e9e de lecture estim\u00e9e\" \/>\n\t<meta name=\"twitter:data2\" content=\"3 minutes\" \/>\n<script type=\"application\/ld+json\" class=\"yoast-schema-graph\">{\"@context\":\"https:\/\/schema.org\",\"@graph\":[{\"@type\":\"WebPage\",\"@id\":\"https:\/\/antoninasofia.com\/2023\/09\/12\/international-contemporary-art-fair-the-autumn-edition\/\",\"url\":\"https:\/\/antoninasofia.com\/2023\/09\/12\/international-contemporary-art-fair-the-autumn-edition\/\",\"name\":\"International Contemporary Art Fair, The autumn edition - ANTONINA SOFIA SOCIU\",\"isPartOf\":{\"@id\":\"https:\/\/antoninasofia.com\/#website\"},\"datePublished\":\"2023-09-12T11:34:19+00:00\",\"dateModified\":\"2023-10-14T12:03:20+00:00\",\"author\":{\"@id\":\"https:\/\/antoninasofia.com\/#\/schema\/person\/aa2c3b57f125d68f9ec671ef223b7ef6\"},\"breadcrumb\":{\"@id\":\"https:\/\/antoninasofia.com\/2023\/09\/12\/international-contemporary-art-fair-the-autumn-edition\/#breadcrumb\"},\"inLanguage\":\"fr-FR\",\"potentialAction\":[{\"@type\":\"ReadAction\",\"target\":[\"https:\/\/antoninasofia.com\/2023\/09\/12\/international-contemporary-art-fair-the-autumn-edition\/\"]}]},{\"@type\":\"BreadcrumbList\",\"@id\":\"https:\/\/antoninasofia.com\/2023\/09\/12\/international-contemporary-art-fair-the-autumn-edition\/#breadcrumb\",\"itemListElement\":[{\"@type\":\"ListItem\",\"position\":1,\"name\":\"Home\",\"item\":\"https:\/\/antoninasofia.com\/\"},{\"@type\":\"ListItem\",\"position\":2,\"name\":\"International Contemporary Art Fair, The autumn edition\"}]},{\"@type\":\"WebSite\",\"@id\":\"https:\/\/antoninasofia.com\/#website\",\"url\":\"https:\/\/antoninasofia.com\/\",\"name\":\"ANTONINA SOFIA SOCIU\",\"description\":\"Abstract Artist\",\"potentialAction\":[{\"@type\":\"SearchAction\",\"target\":{\"@type\":\"EntryPoint\",\"urlTemplate\":\"https:\/\/antoninasofia.com\/?s={search_term_string}\"},\"query-input\":\"required name=search_term_string\"}],\"inLanguage\":\"fr-FR\"},{\"@type\":\"Person\",\"@id\":\"https:\/\/antoninasofia.com\/#\/schema\/person\/aa2c3b57f125d68f9ec671ef223b7ef6\",\"name\":\"admin@infora.ro\",\"image\":{\"@type\":\"ImageObject\",\"inLanguage\":\"fr-FR\",\"@id\":\"https:\/\/antoninasofia.com\/#\/schema\/person\/image\/\",\"url\":\"https:\/\/antoninasofia.com\/wp-content\/litespeed\/avatar\/c366b0de865f17c9d5224fb45d8e0b53.jpg?ver=1777257323\",\"contentUrl\":\"https:\/\/antoninasofia.com\/wp-content\/litespeed\/avatar\/c366b0de865f17c9d5224fb45d8e0b53.jpg?ver=1777257323\",\"caption\":\"admin@infora.ro\"},\"sameAs\":[\"https:\/\/antoninasofia.com\"]}]}<\/script>\n<!-- \/ Yoast SEO plugin. -->","yoast_head_json":{"title":"International Contemporary Art Fair, The autumn edition - ANTONINA SOFIA SOCIU","robots":{"index":"index","follow":"follow","max-snippet":"max-snippet:-1","max-image-preview":"max-image-preview:large","max-video-preview":"max-video-preview:-1"},"canonical":"https:\/\/antoninasofia.com\/fr\/2023\/09\/12\/international-contemporary-art-fair-the-autumn-edition\/","og_locale":"fr_FR","og_type":"article","og_title":"International Contemporary Art Fair, The autumn edition - ANTONINA SOFIA SOCIU","og_url":"https:\/\/antoninasofia.com\/fr\/2023\/09\/12\/international-contemporary-art-fair-the-autumn-edition\/","og_site_name":"ANTONINA SOFIA SOCIU","article_published_time":"2023-09-12T11:34:19+00:00","article_modified_time":"2023-10-14T12:03:20+00:00","og_image":[{"width":964,"height":760,"url":"https:\/\/antoninasofia.com\/wp-content\/uploads\/2023\/09\/art3f-eng.jpg","type":"image\/jpeg"}],"author":"admin@infora.ro","twitter_card":"summary_large_image","twitter_misc":{"\u00c9crit par":"admin@infora.ro","Dur\u00e9e de lecture estim\u00e9e":"3 minutes"},"schema":{"@context":"https:\/\/schema.org","@graph":[{"@type":"WebPage","@id":"https:\/\/antoninasofia.com\/2023\/09\/12\/international-contemporary-art-fair-the-autumn-edition\/","url":"https:\/\/antoninasofia.com\/2023\/09\/12\/international-contemporary-art-fair-the-autumn-edition\/","name":"International Contemporary Art Fair, The autumn edition - ANTONINA SOFIA SOCIU","isPartOf":{"@id":"https:\/\/antoninasofia.com\/#website"},"datePublished":"2023-09-12T11:34:19+00:00","dateModified":"2023-10-14T12:03:20+00:00","author":{"@id":"https:\/\/antoninasofia.com\/#\/schema\/person\/aa2c3b57f125d68f9ec671ef223b7ef6"},"breadcrumb":{"@id":"https:\/\/antoninasofia.com\/2023\/09\/12\/international-contemporary-art-fair-the-autumn-edition\/#breadcrumb"},"inLanguage":"fr-FR","potentialAction":[{"@type":"ReadAction","target":["https:\/\/antoninasofia.com\/2023\/09\/12\/international-contemporary-art-fair-the-autumn-edition\/"]}]},{"@type":"BreadcrumbList","@id":"https:\/\/antoninasofia.com\/2023\/09\/12\/international-contemporary-art-fair-the-autumn-edition\/#breadcrumb","itemListElement":[{"@type":"ListItem","position":1,"name":"Home","item":"https:\/\/antoninasofia.com\/"},{"@type":"ListItem","position":2,"name":"International Contemporary Art Fair, The autumn edition"}]},{"@type":"WebSite","@id":"https:\/\/antoninasofia.com\/#website","url":"https:\/\/antoninasofia.com\/","name":"ANTONINA SOFIA SOCIU","description":"Abstract Artist","potentialAction":[{"@type":"SearchAction","target":{"@type":"EntryPoint","urlTemplate":"https:\/\/antoninasofia.com\/?s={search_term_string}"},"query-input":"required name=search_term_string"}],"inLanguage":"fr-FR"},{"@type":"Person","@id":"https:\/\/antoninasofia.com\/#\/schema\/person\/aa2c3b57f125d68f9ec671ef223b7ef6","name":"admin@infora.ro","image":{"@type":"ImageObject","inLanguage":"fr-FR","@id":"https:\/\/antoninasofia.com\/#\/schema\/person\/image\/","url":"https:\/\/antoninasofia.com\/wp-content\/litespeed\/avatar\/c366b0de865f17c9d5224fb45d8e0b53.jpg?ver=1777257323","contentUrl":"https:\/\/antoninasofia.com\/wp-content\/litespeed\/avatar\/c366b0de865f17c9d5224fb45d8e0b53.jpg?ver=1777257323","caption":"admin@infora.ro"},"sameAs":["https:\/\/antoninasofia.com"]}]}},"_links":{"self":[{"href":"https:\/\/antoninasofia.com\/fr\/wp-json\/wp\/v2\/posts\/929","targetHints":{"allow":["GET"]}}],"collection":[{"href":"https:\/\/antoninasofia.com\/fr\/wp-json\/wp\/v2\/posts"}],"about":[{"href":"https:\/\/antoninasofia.com\/fr\/wp-json\/wp\/v2\/types\/post"}],"author":[{"embeddable":true,"href":"https:\/\/antoninasofia.com\/fr\/wp-json\/wp\/v2\/users\/1"}],"replies":[{"embeddable":true,"href":"https:\/\/antoninasofia.com\/fr\/wp-json\/wp\/v2\/comments?post=929"}],"version-history":[{"count":10,"href":"https:\/\/antoninasofia.com\/fr\/wp-json\/wp\/v2\/posts\/929\/revisions"}],"predecessor-version":[{"id":1081,"href":"https:\/\/antoninasofia.com\/fr\/wp-json\/wp\/v2\/posts\/929\/revisions\/1081"}],"wp:featuredmedia":[{"embeddable":true,"href":"https:\/\/antoninasofia.com\/fr\/wp-json\/wp\/v2\/media\/931"}],"wp:attachment":[{"href":"https:\/\/antoninasofia.com\/fr\/wp-json\/wp\/v2\/media?parent=929"}],"wp:term":[{"taxonomy":"category","embeddable":true,"href":"https:\/\/antoninasofia.com\/fr\/wp-json\/wp\/v2\/categories?post=929"},{"taxonomy":"post_tag","embeddable":true,"href":"https:\/\/antoninasofia.com\/fr\/wp-json\/wp\/v2\/tags?post=929"}],"curies":[{"name":"wp","href":"https:\/\/api.w.org\/{rel}","templated":true}]}}